{"id":674,"date":"2019-07-11T14:42:23","date_gmt":"2019-07-11T19:42:23","guid":{"rendered":"https:\/\/tierractiva.pe\/?p=674"},"modified":"2020-07-22T18:55:24","modified_gmt":"2020-07-22T23:55:24","slug":"pronunciamiento-en-respaldo-a-propuestas-climaticas-de-organizaciones-indigenas","status":"publish","type":"post","link":"https:\/\/world.350.org\/tierractiva\/pronunciamiento-en-respaldo-a-propuestas-climaticas-de-organizaciones-indigenas\/","title":{"rendered":"Pronunciamiento en Respaldo a Propuestas Clim\u00e1ticas de Organizaciones Ind\u00edgenas"},"content":{"rendered":"<p style=\"text-align: center;\"><strong>EN APOYO Y REFLEXI\u00d3N DE LAS PROPUESTAS Y DEMANDAS CLIM\u00c1TICAS DE LAS ORGANIZACIONES IND\u00cdGENAS: <\/strong><strong>\u201cAlternativas ante la crisis clim\u00e1tica nacional y global\u201d<\/strong><\/p>\n<p><strong>\u00a0<\/strong>En respaldo a las propuestas<a href=\"#_ftn1\" name=\"_ftnref1\"><sup>[1]<\/sup><\/a> elaboradas por la Organizaci\u00f3n Nacional de Mujeres Andinas y Amaz\u00f3nicas del Per\u00fa (ONAMIAP), la Asociaci\u00f3n Inter\u00e9tnica de Desarrollo de la Selva Peruana (AIDESEP), la Confederaci\u00f3n Nacional Agraria (CNA), la Confederaci\u00f3n Campesina del Per\u00fa (CCP), la Federaci\u00f3n Nacional de Mujeres Campesinas, Artesanas, Ind\u00edgenas, Nativas y Asalariadas del Per\u00fa (FENMUCARINAP), la Confederaci\u00f3n de Nacionalidades Amaz\u00f3nicas del Per\u00fa (CONAP) y la Uni\u00f3n Nacional de Comunidades Aymaras (UNCA)<a href=\"#_ftn2\" name=\"_ftnref2\"><sup>[2]<\/sup><\/a><sup>.<\/sup><\/p>\n<ol>\n<li><strong>Nos sumamos al llamado de los pueblos ind\u00edgenas por la defensa, reconocimiento, acceso y pleno ejercicio de sus derechos colectivos, <\/strong>los cuales son respaldados por tratados internacionales como la Declaraci\u00f3n de las Naciones Unidas sobre los derechos de los pueblos ind\u00edgenas, el Convenio 169 de la Organizaci\u00f3n Internacional del Trabajo (OIT), as\u00ed como por el marco normativo nacional, a trav\u00e9s de la Constituci\u00f3n Pol\u00edtica del Per\u00fa (art. 89, 149 y\u00a0 191), la Ley de Comunidades Nativas y de Promoci\u00f3n Agropecuaria de las Regiones de Selva y Ceja de Selva (Decreto Ley N\u00b0 22175), la Ley del Derecho a la Consulta Previa (Ley N\u00b0 29785) y su Reglamento (Decreto Supremo N\u00ba 001-2012-MC), la Ley de Lenguas Ind\u00edgenas u Originarias, entre otras.<\/li>\n<li><strong>Nos alineamos con la propuesta de defensa, protecci\u00f3n y respeto del movimiento ind\u00edgena, que plantea la defensa y salvaguarda de sus territorios y cuencas hidrogr\u00e1ficas, conformado por los bosques, fuentes de agua, flora y fauna en su conjunto, <\/strong>entendiendo la simbiosis y complementariedad de los seres que coexisten en un ecosistema\/en la bi\u00f3sfera. Consideramos que esta visi\u00f3n hol\u00edstica debe ser insertada con urgencia a las pol\u00edticas nacionales, regionales y locales en materia ambiental y clim\u00e1tica.<\/li>\n<li><strong>Nos adherimos a las demandas por una mayor ambici\u00f3n clim\u00e1tica, <\/strong>la cual consideramos urgente en el Per\u00fa, al ser el tercer pa\u00eds m\u00e1s vulnerable a los efectos del cambio clim\u00e1tico. Sobre este punto, especificamos que las organizaciones ind\u00edgenas demandan aumentar esta ambici\u00f3n del 30 % de reducci\u00f3n de emisiones de Gases de Efecto Invernadero (GEI), que son una de las principales causas del cambio clim\u00e1tico, a un 50 % para el a\u00f1o 2030.<\/li>\n<li><strong>Valoramos el proceso de Consulta Previa implementada por el Ministerio del Ambiente (MINAM), <\/strong>sin embargo, exigimos mayor coherencia a nivel normativo y ejecutivo de las posturas y pol\u00edticas estatales en su conjunto, como lo es en la aplicaci\u00f3n de la Ley Marco sobre Cambio Clim\u00e1tico &#8211; LMCC (Ley N\u00b0 30754), el Reglamento de Zonificaci\u00f3n e \u00cdndices de Uso del Suelo, Ley de Promoci\u00f3n de la Inversi\u00f3n en la Amazon\u00eda (Ley N\u00b0 27037), la Ley de Incentivos para las Plantaciones Forestales, la nueva propuesta de Ley Org\u00e1nica de Hidrocarburos (Proyecto de Ley N\u00ba 2145\/2017-PE); con la finalidad de cumplir, en primer lugar, con nuestras Contribuciones Nacionalmente Determinadas (NDC, por sus siglas en ingl\u00e9s) propuestas para el a\u00f1o 2030 y los Objetivos de Desarrollo Sostenible al mismo a\u00f1o.<\/li>\n<li><strong>En este sentido, esperamos que el camino abierto por el Proceso de Consulta Previa de la propuesta del Reglamento de la LMCC concluya en un acuerdo vinculante en el que se ponga de manifiesto esta coherencia que la gesti\u00f3n p\u00fablica precisa, para dar atenci\u00f3n a la urgencia de acci\u00f3n clim\u00e1tica, y desde ah\u00ed marque la pauta con actividades responsables y ambiciosas a otros sectores del estado que a\u00fan no est\u00e1n comprometidos con una real gesti\u00f3n transversal del cambio clim\u00e1tico. <\/strong>Asimismo, exhortamos al Organismo de Evaluaci\u00f3n y Fiscalizaci\u00f3n Ambiental (OEFA) a destinar el dinero de las multas a una reparaci\u00f3n efectiva de los espacios da\u00f1ados.<\/li>\n<li><strong>Deseamos continuar abriendo canales de comunicaci\u00f3n, di\u00e1logo e interaprendizaje con los pueblos ind\u00edgenas y sus organizaciones; <\/strong>y para profundizar el intercambio, los y las j\u00f3venes, mujeres y diversidades, de las ciudades y los territorios, necesitamos acercarnos m\u00e1s para fortalecer nuestras causas comunes, reconociendo la interseccionalidad e intergeneracionalidad de nuestras luchas. Planteamos construir puentes de di\u00e1logo, de intercambio de visiones, no para demostrarnos qui\u00e9n tiene m\u00e1s raz\u00f3n sino para enriquecer nuestros saberes e inspiraci\u00f3n para poner en pr\u00e1ctica estilos de vida sustentables<strong>, forjando una unidad activa frente a la degradaci\u00f3n de la Madre Tierra, m\u00e1s all\u00e1 de nuestras diferencias de todo tipo.<\/strong><\/li>\n<li><strong>Queremos ir m\u00e1s all\u00e1 de un debate clim\u00e1tico. Vemos importante abordar la crisis sist\u00e9mica, y desde esta visi\u00f3n profundizar la reflexi\u00f3n sobre c\u00f3mo nos sanamos integralmente para sanar a la Madre Tierra. <\/strong>Para empezar, debemos reconocer que la enfermedad del sistema est\u00e1 presente en cada unx de nosotrxs. Observamos los problemas en otrxs y lxs criticamos (la corrupci\u00f3n, la mentira, la manipulaci\u00f3n, la insensibilidad, la avaricia, la soberbia, entre otros). La Madre Tierra, con su dolor, nos recuerda ahora que debemos identificar todas esas actitudes en nosotrxs mismxs, y la forma como las mantenemos para que sigan existiendo y alimentando el sistema. Por tanto, precisamos: regenerar[nos], sanar nuestro ser individual, sanar nuestra relaciones humanas, sanar nuestras comunidades y as\u00ed sanar nuestra relaci\u00f3n armoniosa con la Madre Tierra.<\/li>\n<li><strong>Continuaremos visibilizando experiencias que son sostenibles, que inspiran a la acci\u00f3n y que representan una alternativa a los modelos de desarrollo que se han generalizado en la actualidad, <\/strong>porque sabemos que un movimiento por la regeneraci\u00f3n de la Madre Tierra y de las comunidades est\u00e1 en curso, \u00a1est\u00e1 aconteciendo!. De igual manera, estas iniciativas se alinean con el concepto de \u201cBuen Vivir\u201d, que venimos reaprendiendo, impulsando y mapeando desde nuestros espacios como colectivos juveniles, ambientalistas, ciclistas, ecofeministas, bioconstructores, guardianes de semillas, etc. En este marco, les invitamos a revisar algunas de estas iniciativas mapeadas: <u><a href=\"https:\/\/tierractiva.pe\/mapeoamaru\/\">https:\/\/tierractiva.pe\/mapeoamaru\/<\/a><\/u><\/li>\n<li><strong>Precisamos un di\u00e1logo con respeto, procurando ser lo m\u00e1s honestos y coherentes posibles, <\/strong>es un gran reto, pero no hay otro camino. Mantener abiertas las puertas, incluso a quienes creemos nuestros enemigos o negacionistas del cambio clim\u00e1tico. Una disposici\u00f3n de juzgamiento y acusaci\u00f3n solo nos genera m\u00e1s conflicto, m\u00e1s divisi\u00f3n y por tanto resta energ\u00eda para lo m\u00e1s urgente, necesario y preciso<strong>: \u00a1restaurar ecosistemas y comunidades!<\/strong><\/li>\n<li><strong>La acci\u00f3n clim\u00e1tica requiere mayor unidad entre las organizaciones de base multiactor. <\/strong>Desde los colectivos ambientales y juveniles, hacemos un llamado a la integraci\u00f3n y unidad para poder<strong> tejer, sanar y cultivar, <\/strong>con el fin de lograr cambios favorables para el mundo que compartimos. Convocamos a que las organizaciones, instituciones, colectivos, y grupos de base que les resuenen las reflexiones de este pronunciamiento puedan adherirse al mismo, con el fin de que se pueda dar apoyo en unidad a las demandas clim\u00e1ticas de nuestros hermanos y hermanas ind\u00edgenas.<\/li>\n<\/ol>\n<p>Recordemos que en nuestras ra\u00edces,<strong> \u00a1todxs somos ind\u00edgenas, hijxs de Pachamama!<\/strong><\/p>\n<h4 style=\"text-align: center;\"><strong><span style=\"color: #333399;\">\u00a0Suscribimos:<\/span><\/strong><\/h4>\n<p style=\"text-align: center;\"><strong><span style=\"color: #333399;\">&#8211;\u00a0 Alianza Arkana\u00a0<\/span><\/strong><\/p>\n<p style=\"text-align: center;\"><strong><span style=\"color: #333399;\">&#8211;\u00a0 \u00a0 Asociaci\u00f3n Ikiran Loreto <\/span><\/strong><\/p>\n<p style=\"text-align: center;\"><strong><span style=\"color: #333399;\">&#8211; Atrapasue\u00f1os Eco &#8211; Cultural <\/span><\/strong><\/p>\n<p style=\"text-align: center;\"><strong><span style=\"color: #333399;\">\u00a0\u00a0 &#8211; Asociaci\u00f3n Juvenil: ACTUEMOS<br \/>\n<\/span><\/strong><\/p>\n<p><strong><span style=\"color: #333399;\">\u00a0 \u00a0 \u00a0 \u00a0 \u00a0 \u00a0 \u00a0 \u00a0 \u00a0 \u00a0 \u00a0 \u00a0 \u00a0 \u00a0 \u00a0&#8211; Asociaci\u00f3n de Productores Ecol\u00f3gicos (ANPE Per\u00fa)<\/span><\/strong><\/p>\n<p><strong><span style=\"color: #333399;\">\u00a0 \u00a0 \u00a0 \u00a0 \u00a0 \u00a0 \u00a0 \u00a0 \u00a0 \u00a0 \u00a0 \u00a0 \u00a0 \u00a0 \u00a0 \u00a0 \u00a0 \u00a0 \u00a0 \u00a0 \u00a0 \u00a0 \u00a0&#8211; Asociaci\u00f3n Cultural Pachamana<\/span><\/strong><\/p>\n<p style=\"text-align: center;\"><strong><span style=\"color: #333399;\">&#8211;\u00a0 \u00a0 Asociaci\u00f3n Cocama de Desarrollo y Conservaci\u00f3n San Pablo de Tipishca (ACODECOSPAT)<\/span><\/strong><\/p>\n<p style=\"text-align: center;\"><strong><span style=\"color: #333399;\">&#8211;\u00a0 \u00a0 \u00a0Asociaci\u00f3n Paz y Esperanza &#8211; Oficina Regional San Mart\u00edn<\/span><\/strong><\/p>\n<p style=\"text-align: center;\"><strong><span style=\"color: #333399;\">&#8211;\u00a0 Asociaci\u00f3n de J\u00f3venes Ind\u00edgenas de la Cuenca del Ampiyacu (ASJICA)<\/span><\/strong><\/p>\n<p style=\"text-align: center;\"><strong><span style=\"color: #333399;\">&#8211;\u00a0 \u00a0Asociaci\u00f3n para el Desarrollo Integral y Sostenible de la Amazon\u00eda Peruana (ADISAP)<\/span><\/strong><\/p>\n<p style=\"text-align: center;\"><strong><span style=\"color: #333399;\">&#8211;\u00a0 Asociaci\u00f3n Cultural Savia P\u00farpura<\/span><\/strong><\/p>\n<p style=\"text-align: center;\"><strong><span style=\"color: #333399;\">&#8211;\u00a0 \u00a0 \u00a0Bici \u00d1an Cusco<\/span><\/strong><\/p>\n<p style=\"text-align: center;\"><strong><span style=\"color: #333399;\">&#8211;\u00a0 \u00a0 \u00a0Bicired Per\u00fa<\/span><\/strong><\/p>\n<p style=\"text-align: center;\"><strong><span style=\"color: #333399;\">&#8211;\u00a0 \u00a0 Bioplan Proyecta<\/span><\/strong><\/p>\n<p style=\"text-align: center;\"><strong><span style=\"color: #333399;\">&#8211; Casa del Protector &#8211; Marcahuasi <\/span><\/strong><\/p>\n<p style=\"text-align: center;\"><strong><span style=\"color: #333399;\">&#8211;\u00a0 Casita Cultural \u00abLa Higuera\u00bb<\/span><\/strong><\/p>\n<p style=\"text-align: center;\"><strong><span style=\"color: #333399;\">&#8211;\u00a0 \u00a0 \u00a0Canasta Solidaria Mihuna Kachun<\/span><\/strong><\/p>\n<p style=\"text-align: center;\"><strong><span style=\"color: #333399;\">&#8211;\u00a0 \u00a0 \u00a0Ciberamazonas<\/span><\/strong><\/p>\n<p style=\"text-align: center;\"><strong><span style=\"color: #333399;\">&#8211;\u00a0 \u00a0 \u00a0C\u00edrculo Ciclista Protector de las Huacas <\/span><\/strong><\/p>\n<p style=\"text-align: center;\"><strong><span style=\"color: #333399;\">&#8211;\u00a0 \u00a0 CREAS &#8211; Conciencia Ambiental (Cajamarca)<\/span><\/strong><\/p>\n<p style=\"text-align: center;\"><strong><span style=\"color: #333399;\">&#8211;\u00a0 \u00a0 \u00a0Coalici\u00f3n por la Amazon\u00eda<\/span><\/strong><\/p>\n<p style=\"text-align: center;\"><strong><span style=\"color: #333399;\">&#8211; \u00a0 \u00a0 \u00a0 Colectivo Ambiental Tarma<\/span><\/strong><\/p>\n<p style=\"text-align: center;\"><strong><span style=\"color: #333399;\">&#8211; \u00a0 \u00a0 \u00a0 Colectivo Asalto Cultural &#8211; Pucallpa<\/span><\/strong><\/p>\n<p style=\"text-align: center;\"><strong><span style=\"color: #333399;\">&#8211; \u00a0 \u00a0 \u00a0 Colectivo Cicleandoenlima<\/span><\/strong><\/p>\n<p style=\"text-align: center;\"><strong><span style=\"color: #333399;\">&#8211; \u00a0 \u00a0 \u00a0 Colectivo Ciclismo Moyobamba<\/span><\/strong><\/p>\n<p style=\"text-align: center;\"><strong><span style=\"color: #333399;\">&#8211; \u00a0 \u00a0 \u00a0 Colectivo Cicloaxi\u00f3n<\/span><\/strong><\/p>\n<p style=\"text-align: center;\"><strong><span style=\"color: #333399;\">&#8211; \u00a0 \u00a0 \u00a0 Colectivo Dignidad<\/span><\/strong><\/p>\n<p style=\"text-align: center;\"><strong><span style=\"color: #333399;\">&#8211; \u00a0 \u00a0 \u00a0 Colectivo Enbiciados &#8211; Arequipa<\/span><\/strong><\/p>\n<p style=\"text-align: center;\"><strong><span style=\"color: #333399;\">&#8211; \u00a0 \u00a0 \u00a0 Colectivo J\u00f3venes Peruanos frente al Cambio Clim\u00e1tico (JPCC)<\/span><\/strong><\/p>\n<p style=\"text-align: center;\"><strong><span style=\"color: #333399;\">&#8211; \u00a0 \u00a0 \u00a0 Colectivo Sostenibles<\/span><\/strong><\/p>\n<p style=\"text-align: center;\"><strong><span style=\"color: #333399;\">&#8211; \u00a0 \u00a0 \u00a0 Colectivo Sumaqpacha &#8211; Arequipa<\/span><\/strong><\/p>\n<p style=\"text-align: center;\"><strong><span style=\"color: #333399;\">&#8211;\u00a0 \u00a0 Colectivo Territorios Seguros para las Comunidades del Per\u00fa<\/span><\/strong><\/p>\n<p><strong><span style=\"color: #333399;\">\u00a0 \u00a0 \u00a0 \u00a0 \u00a0 \u00a0 \u00a0 \u00a0 \u00a0 \u00a0 \u00a0&#8211;\u00a0 \u00a0Comisi\u00f3n de Justicia Social &#8211; Di\u00f3cesis de Chimbote<\/span><\/strong><\/p>\n<p style=\"text-align: center;\"><strong><span style=\"color: #333399;\">&#8211; \u00a0 \u00a0 \u00a0 Comunidad Allin Mikuy Ayllu<\/span><\/strong><\/p>\n<p style=\"text-align: center;\"><strong><span style=\"color: #333399;\">&#8211; Consejo de Asentamientos Sustentables de Am\u00e9rica Latina &#8211; nodo Per\u00fa (CASA Per\u00fa)<\/span><\/strong><\/p>\n<p style=\"text-align: center;\"><strong><span style=\"color: #333399;\">&#8211; \u00a0Cooperativa Social La Caracola<\/span><\/strong><\/p>\n<p style=\"text-align: center;\"><strong><span style=\"color: #333399;\">&#8211; \u00a0 \u00a0 \u00a0 Construyendo Futuro<\/span><\/strong><\/p>\n<p style=\"text-align: center;\"><strong><span style=\"color: #333399;\">&#8211; \u00a0 \u00a0 \u00a0 Cultura Awaj\u00fan <\/span><\/strong><\/p>\n<p style=\"text-align: center;\"><strong><span style=\"color: #333399;\">&#8211;\u00a0 \u00a0 Curuwinsi Cine<\/span><\/strong><\/p>\n<p style=\"text-align: center;\"><strong><span style=\"color: #333399;\">&#8211;\u00a0 Club del Emprendedor Per\u00fa<\/span><\/strong><\/p>\n<p style=\"text-align: center;\"><strong><span style=\"color: #333399;\">&#8211;\u00a0 \u00a0Cuencas &#8211; Red de Asuntos Amaz\u00f3nicos<\/span><\/strong><\/p>\n<p style=\"text-align: center;\"><strong><span style=\"color: #333399;\">&#8211; \u00a0 \u00a0 \u00a0 Defensoras de la Vida y de la Pachamama de Cajamarca<\/span><\/strong><\/p>\n<p style=\"text-align: center;\"><strong><span style=\"color: #333399;\">&#8211; \u00a0 \u00a0 \u00a0 ECODESS<\/span><\/strong><\/p>\n<p style=\"text-align: center;\"><strong><span style=\"color: #333399;\">&#8211; \u00a0 \u00a0 \u00a0 Empoderadxs<\/span><\/strong><\/p>\n<p style=\"text-align: center;\"><strong><span style=\"color: #333399;\">&#8211; \u00a0 \u00a0 \u00a0 Escuela Feminista Itinerante<\/span><\/strong><\/p>\n<p style=\"text-align: center;\"><strong><span style=\"color: #333399;\">&#8211; \u00a0 \u00a0 \u00a0 Escuela Rebelde \u201cSaturnino Huillca\u201d<\/span><\/strong><\/p>\n<p style=\"text-align: center;\"><strong><span style=\"color: #333399;\">&#8211; \u00a0 \u00a0 \u00a0 Fridays for Future Per\u00fa (Viernes por el Futuro Per\u00fa)<\/span><\/strong><\/p>\n<p style=\"text-align: center;\"><strong><span style=\"color: #333399;\">&#8211; \u00a0 \u00a0 \u00a0 Generaci\u00f3n Verde Madre de Dios (GVMDD)<\/span><\/strong><\/p>\n<p style=\"text-align: center;\"><strong><span style=\"color: #333399;\">&#8211; \u00a0 \u00a0 \u00a0 Hwan Yunpa <\/span><\/strong><\/p>\n<p style=\"text-align: center;\"><strong><span style=\"color: #333399;\">&#8211; Iwa Mantaro (Huancayo)<br \/>\n<\/span><\/strong><\/p>\n<p style=\"text-align: center;\"><strong><span style=\"color: #333399;\">&#8211; \u00a0 \u00a0 \u00a0 Instituto Natura &#8211; Chimbote<\/span><\/strong><\/p>\n<p style=\"text-align: center;\"><strong><span style=\"color: #333399;\">&#8211; \u00a0 \u00a0 \u00a0 Madres en Acci\u00f3n<\/span><\/strong><\/p>\n<p style=\"text-align: center;\"><strong><span style=\"color: #333399;\">&#8211; \u00a0 \u00a0 \u00a0 Ma\u00f1un por la tierra <\/span><\/strong><\/p>\n<p style=\"text-align: center;\"><strong><span style=\"color: #333399;\">&#8211;\u00a0\u00a0\u00a0 Miel de abeja Sumak Kawsay<br \/>\n<\/span><\/strong><\/p>\n<p style=\"text-align: center;\"><strong><span style=\"color: #333399;\">&#8211; \u00a0 \u00a0 \u00a0 Movimiento Ciudadano frente al Cambio Clim\u00e1tico (MOCICC) <\/span><\/strong><\/p>\n<p style=\"text-align: center;\"><strong><span style=\"color: #333399;\">&#8211;\u00a0 Movimiento de Adolescentes y Ni\u00f1os Trabajadores Hijos de Obreros Cristianos (MANTHOC Cajamarca)<\/span><\/strong><\/p>\n<p style=\"text-align: center;\"><strong><span style=\"color: #333399;\">&#8211; \u00a0 \u00a0 \u00a0 NOR &#8211; Instituto de Investigaci\u00f3n en Ciencias Sociales<\/span><\/strong><\/p>\n<p style=\"text-align: center;\"><strong><span style=\"color: #333399;\">&#8211; \u00a0 \u00a0 \u00a0 ONG Grufides &#8211; Cajamarca<\/span><\/strong><\/p>\n<p style=\"text-align: center;\"><strong><span style=\"color: #333399;\">&#8211; \u00a0 \u00a0 \u00a0 Organizaci\u00f3n Acad\u00e9mica para el Desarrollo Social (OADS)<\/span><\/strong><\/p>\n<p><strong><span style=\"color: #333399;\">\u00a0 \u00a0 \u00a0 \u00a0 \u00a0&#8211; Organizaci\u00f3n Reguladora de la Calidad Ambiental (ORCAA)\u00a0 \u00a0 \u00a0<\/span><\/strong><\/p>\n<p style=\"text-align: center;\"><strong><span style=\"color: #333399;\">&#8211;\u00a0 \u00a0 \u00a0 Red Universitaria Ambiental Per\u00fa nodo UNALM<\/span><\/strong><\/p>\n<p><strong><span style=\"color: #333399;\">\u00a0 \u00a0 \u00a0 \u00a0 \u00a0 \u00a0 \u00a0 \u00a0 \u00a0 \u00a0 \u00a0 \u00a0 &#8211;\u00a0 \u00a0 Red de J\u00f3venes Ambientalistas Amaz\u00f3nicos (REDJAA)<\/span><\/strong><\/p>\n<p><strong><span style=\"color: #333399;\">\u00a0 \u00a0 \u00a0 \u00a0 \u00a0 \u00a0 \u00a0 \u00a0&#8211;\u00a0 Pachamama Warmi \u2013 Centro de Saberes Ancesatrales\u00a0<\/span><\/strong><\/p>\n<p style=\"text-align: center;\"><strong><span style=\"color: #333399;\">&#8211; Pakarii &#8211; Casa de Nacimiento<\/span><\/strong><\/p>\n<p style=\"text-align: center;\"><strong><span style=\"color: #333399;\">&#8211; \u00a0 \u00a0 \u00a0 Pororoca Red<\/span><\/strong><\/p>\n<p style=\"text-align: center;\"><strong><span style=\"color: #333399;\">&#8211; \u00a0 \u00a0 \u00a0 Proyecto Intercultural Sumaq Kausay<\/span><\/strong><\/p>\n<p style=\"text-align: center;\"><strong><span style=\"color: #333399;\">&#8211; \u00a0 \u00a0 \u00a0 Programa de Ecolog\u00eda y Cuidado de la Casa Com\u00fan de AGEUP<\/span><\/strong><\/p>\n<p style=\"text-align: center;\"><strong><span style=\"color: #333399;\">&#8211; Programa Democracia y Transformaci\u00f3n Global (PDTG &#8211; Tejiendo Saberes)<\/span><\/strong><\/p>\n<p style=\"text-align: center;\"><strong><span style=\"color: #333399;\">&#8211; \u00a0 \u00a0 \u00a0 Superh\u00e9roes del Planeta<\/span><\/strong><\/p>\n<p style=\"text-align: center;\"><strong><span style=\"color: #333399;\">&#8211; \u00a0 \u00a0 \u00a0 TierrActiva Per\u00fa<\/span><\/strong><\/p>\n<p style=\"text-align: center;\"><strong><span style=\"color: #333399;\">&#8211; \u00a0 \u00a0 \u00a0 Violeta Diversa<\/span><\/strong><\/p>\n<p style=\"text-align: center;\"><strong><span style=\"color: #333399;\">&#8211; \u00a0 \u00a0 \u00a0 We Can Be Heroes<\/span><\/strong><\/p>\n<p>&nbsp;<\/p>\n<p>&nbsp;<\/p>\n<p><a href=\"#_ftnref1\" name=\"_ftn1\"><strong><sup>[1]<\/sup><\/strong><\/a> <strong>Ver su pronunciamiento en: <u><a href=\"https:\/\/bit.ly\/2G62M2G\">https:\/\/bit.ly\/2G62M2G<\/a><\/u><\/strong><\/p>\n<p><a href=\"#_ftnref2\" name=\"_ftn2\"><strong><sup>[2]<\/sup><\/strong><\/a> <strong>Ver su comunicado en: <u><a href=\"https:\/\/bit.ly\/30mc9CW\">https:\/\/bit.ly\/30mc9CW<\/a><\/u><\/strong><\/p>\n","protected":false},"excerpt":{"rendered":"<p>La acci\u00f3n clim\u00e1tica requiere mayor unidad entre las organizaciones de base multiactor. Desde los colectivos ambientales y juveniles, hacemos un llamado a la integraci\u00f3n y unidad para poder tejer, sanar y cultivar, con el fin de lograr cambios favorables para el mundo que compartimos. Las organizaciones, instituciones, colectivos, y grupos de base que se adhieren a este pronunciamiento dan apoyo en unidad a las demandas clim\u00e1ticas de nuestros hermanos y hermanas ind\u00edgenas.<\/p>\n","protected":false},"author":0,"featured_media":686,"comment_status":"closed","ping_status":"closed","sticky":false,"template":"","format":"standard","meta":{"_acf_changed":false,"footnotes":""},"categories":[11],"tags":[],"class_list":["post-674","post","type-post","status-publish","format-standard","has-post-thumbnail","hentry","category-pronunciamientos"],"acf":[],"_links":{"self":[{"href":"https:\/\/world.350.org\/tierractiva\/wp-json\/wp\/v2\/posts\/674","targetHints":{"allow":["GET"]}}],"collection":[{"href":"https:\/\/world.350.org\/tierractiva\/wp-json\/wp\/v2\/posts"}],"about":[{"href":"https:\/\/world.350.org\/tierractiva\/wp-json\/wp\/v2\/types\/post"}],"replies":[{"embeddable":true,"href":"https:\/\/world.350.org\/tierractiva\/wp-json\/wp\/v2\/comments?post=674"}],"version-history":[{"count":0,"href":"https:\/\/world.350.org\/tierractiva\/wp-json\/wp\/v2\/posts\/674\/revisions"}],"wp:featuredmedia":[{"embeddable":true,"href":"https:\/\/world.350.org\/tierractiva\/wp-json\/wp\/v2\/media\/686"}],"wp:attachment":[{"href":"https:\/\/world.350.org\/tierractiva\/wp-json\/wp\/v2\/media?parent=674"}],"wp:term":[{"taxonomy":"category","embeddable":true,"href":"https:\/\/world.350.org\/tierractiva\/wp-json\/wp\/v2\/categories?post=674"},{"taxonomy":"post_tag","embeddable":true,"href":"https:\/\/world.350.org\/tierractiva\/wp-json\/wp\/v2\/tags?post=674"}],"curies":[{"name":"wp","href":"https:\/\/api.w.org\/{rel}","templated":true}]}}