{"id":395,"date":"2015-09-24T14:45:23","date_gmt":"2015-09-24T19:45:23","guid":{"rendered":"http:\/\/world.350.org\/tierractivaperu\/?p=395"},"modified":"2015-09-24T14:48:02","modified_gmt":"2015-09-24T19:48:02","slug":"carta-de-tierractiva-peru-a-manuel-pulgar-vidal-solicitando-transparencia-en-proceso-indcs","status":"publish","type":"post","link":"https:\/\/world.350.org\/tierractiva\/carta-de-tierractiva-peru-a-manuel-pulgar-vidal-solicitando-transparencia-en-proceso-indcs\/","title":{"rendered":"Carta de TierrActiva Per\u00fa a Manuel Pulgar Vidal solicitando transparencia en proceso INDCs"},"content":{"rendered":"<p>Estimado se\u00f1or Ministro,<\/p>\n<p>Mediante la presenta carta deseamos saludarle, y a la misma vez expresar nuestra preocupaci\u00f3n como organizaci\u00f3n de j\u00f3venes de la sociedad civil peruana sobre los avances en la elaboraci\u00f3n de las contribuciones nacionales del Per\u00fa (INDCs).<\/p>\n<p>Reconocemos el esfuerzo del Ministerio del Ambiente por llevar a cabo este proceso de manera p\u00fablica y participativa. Sin embargo, a fin de asegurar su transparencia y apertura continua y efectiva, y en base a la Ley 27927 de transparencia y acceso a la informaci\u00f3n p\u00fablica, solicitamos hacer de conocimiento p\u00fablico la siguiente informaci\u00f3n:<\/p>\n<ol>\n<li>El detalle de los aportes y comentarios de los sectores que participaron del proceso de Consulta P\u00fablica de las Contribuciones Nacionales.<\/li>\n<li>Los mecanismos de sistematizaci\u00f3n de los insumos recogidos durante el proceso de consulta p\u00fablica, incluyendo los criterios t\u00e9cnicos considerados para la inclusi\u00f3n o exclusi\u00f3n de los aportes a las Contribuciones Nacionales.<\/li>\n<li>Los aportes t\u00e9cnicos de la Comisi\u00f3n Multisectorial que aprueba las Contribuciones Nacionales.<\/li>\n<li>Rendici\u00f3n del gasto presupuestal a la fecha actual del Proyecto COP20 y otras fuentes de financiamiento del MINAM en el marco del proceso a la COP21 en calidad de Presidencia Peruana de la COP20, con \u00e9nfasis en el proceso de Consulta P\u00fablica de las Contribuciones Nacionales.<\/li>\n<\/ol>\n<p>Finalmente, y de manera central, <strong>solicitamos hacer p\u00fablica la versi\u00f3n final de las Contribuciones Nacionales antes de ser enviada al Secretariado de la Convenci\u00f3n Marco de las Naciones Unidas sobre el Cambio Clim\u00e1tico (CMNUCC).<\/strong><\/p>\n<p>Como expresamos en el \u201cDi\u00e1logo con Sociedad Civil: Juventudes\u201d llevado a cabo el 27 de julio del presente a\u00f1o en el Hotel Atton de San Isidro, Lima, ante la presencia de Eduardo Durand, Director General de Cambio Clim\u00e1tico, Desertificaci\u00f3n y Recursos H\u00eddricos, consideramos que la propuesta inicial de INDCs contuvo diversas carencias. Principalmente, notamos su nivel de ambici\u00f3n bajo, debido a que detalla proyectos, programas, lineamientos e iniciativas ya planificadas o en proceso de ejecuci\u00f3n; y a que incluye medidas a cargo del sector privado, ante lo cual el Estado peruano no puede asegurar su cumplimiento a cabalidad. En este contexto, expresamos nuestra preocupaci\u00f3n de que la versi\u00f3n final de las contribuciones pueda representar un nivel de ambici\u00f3n a\u00fan menor, o que se den pasos hacia atr\u00e1s en las acciones propuestas.<\/p>\n<p>Finalmente, expresamos nuestro compromiso con el fortalecimiento del liderazgo peruano en las negociaciones clim\u00e1ticas, as\u00ed como nuestro deseo de que la Presidencia Peruana de la COP20, vigente hasta diciembre de este a\u00f1o, pueda liderar el proceso hacia el Acuerdo de Par\u00eds de modo ejemplar.<\/p>\n<p>Agradecemos de antemano la atenci\u00f3n que brinde a la presente.<\/p>\n<p>&nbsp;<\/p>\n<p>Atentamente,<\/p>\n<p><strong>TierrActiva Per\u00fa<\/strong><\/p>\n<p>J\u00f3venes peruanos por la justicia clim\u00e1tica<\/p>\n<p>www.tierractiva.pe<\/p>\n<p>&nbsp;<\/p>\n<p><a href=\"http:\/\/world.350.org\/tierractivaperu\/files\/2015\/09\/carta-indcs.pdf\">Ver aqu\u00ed la carta remitida al Ministerio del Ambiente el mi\u00e9rcoles 23 de setiembre, 2015.<\/a><\/p>\n","protected":false},"excerpt":{"rendered":"<p>Estimado se\u00f1or Ministro, Mediante la presenta carta deseamos saludarle, y a la misma vez expresar nuestra preocupaci\u00f3n como organizaci\u00f3n de<span class=\"text-cutoff\">&#8230;<\/span><\/p>\n","protected":false},"author":0,"featured_media":397,"comment_status":"open","ping_status":"open","sticky":false,"template":"","format":"standard","meta":{"_acf_changed":false,"footnotes":""},"categories":[1],"tags":[],"class_list":["post-395","post","type-post","status-publish","format-standard","has-post-thumbnail","hentry","category-uncategorized"],"acf":[],"_links":{"self":[{"href":"https:\/\/world.350.org\/tierractiva\/wp-json\/wp\/v2\/posts\/395","targetHints":{"allow":["GET"]}}],"collection":[{"href":"https:\/\/world.350.org\/tierractiva\/wp-json\/wp\/v2\/posts"}],"about":[{"href":"https:\/\/world.350.org\/tierractiva\/wp-json\/wp\/v2\/types\/post"}],"replies":[{"embeddable":true,"href":"https:\/\/world.350.org\/tierractiva\/wp-json\/wp\/v2\/comments?post=395"}],"version-history":[{"count":0,"href":"https:\/\/world.350.org\/tierractiva\/wp-json\/wp\/v2\/posts\/395\/revisions"}],"wp:featuredmedia":[{"embeddable":true,"href":"https:\/\/world.350.org\/tierractiva\/wp-json\/wp\/v2\/media\/397"}],"wp:attachment":[{"href":"https:\/\/world.350.org\/tierractiva\/wp-json\/wp\/v2\/media?parent=395"}],"wp:term":[{"taxonomy":"category","embeddable":true,"href":"https:\/\/world.350.org\/tierractiva\/wp-json\/wp\/v2\/categories?post=395"},{"taxonomy":"post_tag","embeddable":true,"href":"https:\/\/world.350.org\/tierractiva\/wp-json\/wp\/v2\/tags?post=395"}],"curies":[{"name":"wp","href":"https:\/\/api.w.org\/{rel}","templated":true}]}}